{"id":9970,"date":"2018-10-26T10:01:44","date_gmt":"2018-10-26T10:01:44","guid":{"rendered":"https:\/\/hannaik.com\/?p=9970"},"modified":"2018-10-26T10:03:43","modified_gmt":"2018-10-26T10:03:43","slug":"visit-us-at-the-17th-edition-of-emaf-from-november-21-to-24-at-exponor-porto","status":"publish","type":"post","link":"https:\/\/hannaik.com\/en\/visit-us-at-the-17th-edition-of-emaf-from-november-21-to-24-at-exponor-porto\/","title":{"rendered":"Visit us at the 17th edition of EMAF, from November 21 to 24, at Exponor, Porto"},"content":{"rendered":"<p>HANNAIK will be present in the next edition of <a href=\"http:\/\/emaf.exponor.pt\/en\/\" target=\"_blank\" rel=\"noopener\">EMAF &#8211; Feira Internacional de M\u00e1quinas, Equipamentos e Servi\u00e7os para a Ind\u00fastria<\/a> (International Machinery, Equipment and Services Fair for Industry), which will take place on November 21st to 24th at <a href=\"http:\/\/www.exponor.pt\/\" target=\"_blank\" rel=\"noopener\">Exponor<\/a>, in Oporto.<\/p>\n<p>&nbsp;<\/p>\n<p>This is the largest fair of the industrial sector held in Portugal and, therefore, it constitutes na excellent opportunity to present our energy solutions, news of the sector and also establish new partnerships.<\/p>\n<p>&nbsp;<\/p>\n<p>You are welcome to visit us at HALL 4, Stand C14!<\/p>\n<p>&nbsp;<\/p>\n<p><strong>Request your free electronic invitation until November 14th <a href=\"https:\/\/bit.ly\/2CEFDTS\" target=\"_blank\" rel=\"noopener\">here<\/a>. <\/strong><\/p>\n<p>&nbsp;<\/p>\n<hr \/>\n<p>&nbsp;<\/p>\n<p><span style=\"color: #ff0000;\"><strong>Attention:<\/strong><\/span><\/p>\n<p><strong>The invitation request is available for free until November 14th<\/strong>, after that date, to visit the fair, you can directly purchase your individual ticket at the check-in of the fair, <strong>with an associated cost of 10\u20ac.<\/strong><\/p>\n","protected":false},"excerpt":{"rendered":"<p>HANNAIK will be present in the next edition of EMAF &#8211; Feira Internacional de M\u00e1quinas, Equipamentos e Servi\u00e7os para a Ind\u00fastria (International Machinery, Equipment and Services Fair for Industry), which will take place on November 21st to 24th at Exponor, in Oporto. &nbsp; This is the largest fair of the industrial sector held in Portugal [&hellip;]<\/p>\n","protected":false},"author":2,"featured_media":9971,"comment_status":"open","ping_status":"closed","sticky":false,"template":"","format":"standard","meta":{"footnotes":""},"categories":[82,278],"tags":[478,486,487,488,489],"class_list":["post-9970","post","type-post","status-publish","format-standard","has-post-thumbnail","hentry","category-market","category-fairs","tag-emaf","tag-exponor","tag-fairs","tag-national-fairs","tag-hannaik"],"acf":[],"yoast_head":"<!-- This site is optimized with the Yoast SEO plugin v27.1.1 - https:\/\/yoast.com\/product\/yoast-seo-wordpress\/ -->\n<title>Visit us at the 17th edition of EMAF, from November 21 to 24, at Exponor, Porto &#8226; Hannaik Gensets<\/title>\n<meta name=\"description\" content=\"%\" \/>\n<meta name=\"robots\" content=\"index, follow, max-snippet:-1, max-image-preview:large, max-video-preview:-1\" \/>\n<link rel=\"canonical\" href=\"https:\/\/hannaik.com\/en\/visit-us-at-the-17th-edition-of-emaf-from-november-21-to-24-at-exponor-porto\/\" \/>\n<meta property=\"og:locale\" content=\"en_US\" \/>\n<meta property=\"og:type\" content=\"article\" \/>\n<meta property=\"og:title\" content=\"Visit us at the 17th edition of EMAF, from November 21 to 24, at Exponor, Porto &#8226; Hannaik Gensets\" \/>\n<meta property=\"og:description\" content=\"%\" \/>\n<meta property=\"og:url\" content=\"https:\/\/hannaik.com\/en\/visit-us-at-the-17th-edition-of-emaf-from-november-21-to-24-at-exponor-porto\/\" \/>\n<meta property=\"og:site_name\" content=\"Hannaik Gensets\" \/>\n<meta property=\"article:publisher\" content=\"https:\/\/www.facebook.com\/hannaikenergy\/\" \/>\n<meta property=\"article:author\" content=\"https:\/\/www.facebook.com\/hannaikenergy\" \/>\n<meta property=\"article:published_time\" content=\"2018-10-26T10:01:44+00:00\" \/>\n<meta property=\"article:modified_time\" content=\"2018-10-26T10:03:43+00:00\" \/>\n<meta property=\"og:image\" content=\"https:\/\/hannaik.com\/wp-content\/uploads\/2018\/10\/emaf.jpg\" \/>\n\t<meta property=\"og:image:width\" content=\"1080\" \/>\n\t<meta property=\"og:image:height\" content=\"1080\" \/>\n\t<meta property=\"og:image:type\" content=\"image\/jpeg\" \/>\n<meta name=\"author\" content=\"Suporte\" \/>\n<meta name=\"twitter:card\" content=\"summary_large_image\" \/>\n<meta name=\"twitter:label1\" content=\"Written by\" \/>\n\t<meta name=\"twitter:data1\" content=\"Suporte\" \/>\n\t<meta name=\"twitter:label2\" content=\"Est. reading time\" \/>\n\t<meta name=\"twitter:data2\" content=\"1 minute\" \/>\n<script type=\"application\/ld+json\" class=\"yoast-schema-graph\">{\"@context\":\"https:\/\/schema.org\",\"@graph\":[{\"@type\":\"Article\",\"@id\":\"https:\/\/hannaik.com\/en\/visit-us-at-the-17th-edition-of-emaf-from-november-21-to-24-at-exponor-porto\/#article\",\"isPartOf\":{\"@id\":\"https:\/\/hannaik.com\/en\/visit-us-at-the-17th-edition-of-emaf-from-november-21-to-24-at-exponor-porto\/\"},\"author\":{\"name\":\"Suporte\",\"@id\":\"https:\/\/hannaik.com\/#\/schema\/person\/5776d6b281228a8b7552dd23d65ea1fb\"},\"headline\":\"Visit us at the 17th edition of EMAF, from November 21 to 24, at Exponor, Porto\",\"datePublished\":\"2018-10-26T10:01:44+00:00\",\"dateModified\":\"2018-10-26T10:03:43+00:00\",\"mainEntityOfPage\":{\"@id\":\"https:\/\/hannaik.com\/en\/visit-us-at-the-17th-edition-of-emaf-from-november-21-to-24-at-exponor-porto\/\"},\"wordCount\":152,\"commentCount\":0,\"publisher\":{\"@id\":\"https:\/\/hannaik.com\/#organization\"},\"image\":{\"@id\":\"https:\/\/hannaik.com\/en\/visit-us-at-the-17th-edition-of-emaf-from-november-21-to-24-at-exponor-porto\/#primaryimage\"},\"thumbnailUrl\":\"https:\/\/hannaik.com\/wp-content\/uploads\/2018\/10\/emaf.jpg\",\"keywords\":[\"emaf\",\"exponor\",\"Fairs\",\"National fairs\",\"Hannaik\"],\"articleSection\":[\"Market\",\"Fairs\"],\"inLanguage\":\"en-US\",\"potentialAction\":[{\"@type\":\"CommentAction\",\"name\":\"Comment\",\"target\":[\"https:\/\/hannaik.com\/en\/visit-us-at-the-17th-edition-of-emaf-from-november-21-to-24-at-exponor-porto\/#respond\"]}]},{\"@type\":\"WebPage\",\"@id\":\"https:\/\/hannaik.com\/en\/visit-us-at-the-17th-edition-of-emaf-from-november-21-to-24-at-exponor-porto\/\",\"url\":\"https:\/\/hannaik.com\/en\/visit-us-at-the-17th-edition-of-emaf-from-november-21-to-24-at-exponor-porto\/\",\"name\":\"Visit us at the 17th edition of EMAF, from November 21 to 24, at Exponor, Porto &#8226; Hannaik Gensets\",\"isPartOf\":{\"@id\":\"https:\/\/hannaik.com\/#website\"},\"primaryImageOfPage\":{\"@id\":\"https:\/\/hannaik.com\/en\/visit-us-at-the-17th-edition-of-emaf-from-november-21-to-24-at-exponor-porto\/#primaryimage\"},\"image\":{\"@id\":\"https:\/\/hannaik.com\/en\/visit-us-at-the-17th-edition-of-emaf-from-november-21-to-24-at-exponor-porto\/#primaryimage\"},\"thumbnailUrl\":\"https:\/\/hannaik.com\/wp-content\/uploads\/2018\/10\/emaf.jpg\",\"datePublished\":\"2018-10-26T10:01:44+00:00\",\"dateModified\":\"2018-10-26T10:03:43+00:00\",\"description\":\"%\",\"breadcrumb\":{\"@id\":\"https:\/\/hannaik.com\/en\/visit-us-at-the-17th-edition-of-emaf-from-november-21-to-24-at-exponor-porto\/#breadcrumb\"},\"inLanguage\":\"en-US\",\"potentialAction\":[{\"@type\":\"ReadAction\",\"target\":[\"https:\/\/hannaik.com\/en\/visit-us-at-the-17th-edition-of-emaf-from-november-21-to-24-at-exponor-porto\/\"]}]},{\"@type\":\"ImageObject\",\"inLanguage\":\"en-US\",\"@id\":\"https:\/\/hannaik.com\/en\/visit-us-at-the-17th-edition-of-emaf-from-november-21-to-24-at-exponor-porto\/#primaryimage\",\"url\":\"https:\/\/hannaik.com\/wp-content\/uploads\/2018\/10\/emaf.jpg\",\"contentUrl\":\"https:\/\/hannaik.com\/wp-content\/uploads\/2018\/10\/emaf.jpg\",\"width\":1080,\"height\":1080,\"caption\":\"EMAF 2018\"},{\"@type\":\"BreadcrumbList\",\"@id\":\"https:\/\/hannaik.com\/en\/visit-us-at-the-17th-edition-of-emaf-from-november-21-to-24-at-exponor-porto\/#breadcrumb\",\"itemListElement\":[{\"@type\":\"ListItem\",\"position\":1,\"name\":\"Home\",\"item\":\"https:\/\/hannaik.com\/en\/\"},{\"@type\":\"ListItem\",\"position\":2,\"name\":\"Visit us at the 17th edition of EMAF, from November 21 to 24, at Exponor, Porto\"}]},{\"@type\":\"WebSite\",\"@id\":\"https:\/\/hannaik.com\/#website\",\"url\":\"https:\/\/hannaik.com\/\",\"name\":\"Hannaik Gensets\",\"description\":\"Projeto, fabrico, instala\u00e7\u00e3o de geradores de energia e GPUs\",\"publisher\":{\"@id\":\"https:\/\/hannaik.com\/#organization\"},\"potentialAction\":[{\"@type\":\"SearchAction\",\"target\":{\"@type\":\"EntryPoint\",\"urlTemplate\":\"https:\/\/hannaik.com\/?s={search_term_string}\"},\"query-input\":{\"@type\":\"PropertyValueSpecification\",\"valueRequired\":true,\"valueName\":\"search_term_string\"}}],\"inLanguage\":\"en-US\"},{\"@type\":\"Organization\",\"@id\":\"https:\/\/hannaik.com\/#organization\",\"name\":\"HANNAIK\",\"url\":\"https:\/\/hannaik.com\/\",\"logo\":{\"@type\":\"ImageObject\",\"inLanguage\":\"en-US\",\"@id\":\"https:\/\/hannaik.com\/#\/schema\/logo\/image\/\",\"url\":\"https:\/\/hannaik.com\/wp-content\/uploads\/2018\/03\/Hannaik3.png\",\"contentUrl\":\"https:\/\/hannaik.com\/wp-content\/uploads\/2018\/03\/Hannaik3.png\",\"width\":\"278\",\"height\":\"223\",\"caption\":\"HANNAIK\"},\"image\":{\"@id\":\"https:\/\/hannaik.com\/#\/schema\/logo\/image\/\"},\"sameAs\":[\"https:\/\/www.facebook.com\/hannaikenergy\/\",\"https:\/\/www.instagram.com\/hannaik_solutions\/\",\"https:\/\/www.linkedin.com\/company-beta\/15194419\",\"https:\/\/www.youtube.com\/channel\/UCQt234x994onwwmTd-K6U-A\"]},{\"@type\":\"Person\",\"@id\":\"https:\/\/hannaik.com\/#\/schema\/person\/5776d6b281228a8b7552dd23d65ea1fb\",\"name\":\"Suporte\",\"image\":{\"@type\":\"ImageObject\",\"inLanguage\":\"en-US\",\"@id\":\"https:\/\/hannaik.com\/#\/schema\/person\/image\/\",\"url\":\"https:\/\/secure.gravatar.com\/avatar\/0ff4e49715d508995dbaae764a41717e0c13291d5bd332ad16cdacaa07295336?s=96&d=mm&r=g\",\"contentUrl\":\"https:\/\/secure.gravatar.com\/avatar\/0ff4e49715d508995dbaae764a41717e0c13291d5bd332ad16cdacaa07295336?s=96&d=mm&r=g\",\"caption\":\"Suporte\"},\"sameAs\":[\"https:\/\/wwww.hannaik.com\/\",\"https:\/\/www.facebook.com\/hannaikenergy\",\"https:\/\/www.instagram.com\/hannaik_solutions\/\",\"https:\/\/www.linkedin.com\/company\/15194419\/admin\/\",\"https:\/\/www.youtube.com\/channel\/UC5wGYySPKL-sM2l1EUuzqdw\"]}]}<\/script>\n<!-- \/ Yoast SEO plugin. -->","yoast_head_json":{"title":"Visit us at the 17th edition of EMAF, from November 21 to 24, at Exponor, Porto &#8226; Hannaik Gensets","description":"%","robots":{"index":"index","follow":"follow","max-snippet":"max-snippet:-1","max-image-preview":"max-image-preview:large","max-video-preview":"max-video-preview:-1"},"canonical":"https:\/\/hannaik.com\/en\/visit-us-at-the-17th-edition-of-emaf-from-november-21-to-24-at-exponor-porto\/","og_locale":"en_US","og_type":"article","og_title":"Visit us at the 17th edition of EMAF, from November 21 to 24, at Exponor, Porto &#8226; Hannaik Gensets","og_description":"%","og_url":"https:\/\/hannaik.com\/en\/visit-us-at-the-17th-edition-of-emaf-from-november-21-to-24-at-exponor-porto\/","og_site_name":"Hannaik Gensets","article_publisher":"https:\/\/www.facebook.com\/hannaikenergy\/","article_author":"https:\/\/www.facebook.com\/hannaikenergy","article_published_time":"2018-10-26T10:01:44+00:00","article_modified_time":"2018-10-26T10:03:43+00:00","og_image":[{"width":1080,"height":1080,"url":"https:\/\/hannaik.com\/wp-content\/uploads\/2018\/10\/emaf.jpg","type":"image\/jpeg"}],"author":"Suporte","twitter_card":"summary_large_image","twitter_misc":{"Written by":"Suporte","Est. reading time":"1 minute"},"schema":{"@context":"https:\/\/schema.org","@graph":[{"@type":"Article","@id":"https:\/\/hannaik.com\/en\/visit-us-at-the-17th-edition-of-emaf-from-november-21-to-24-at-exponor-porto\/#article","isPartOf":{"@id":"https:\/\/hannaik.com\/en\/visit-us-at-the-17th-edition-of-emaf-from-november-21-to-24-at-exponor-porto\/"},"author":{"name":"Suporte","@id":"https:\/\/hannaik.com\/#\/schema\/person\/5776d6b281228a8b7552dd23d65ea1fb"},"headline":"Visit us at the 17th edition of EMAF, from November 21 to 24, at Exponor, Porto","datePublished":"2018-10-26T10:01:44+00:00","dateModified":"2018-10-26T10:03:43+00:00","mainEntityOfPage":{"@id":"https:\/\/hannaik.com\/en\/visit-us-at-the-17th-edition-of-emaf-from-november-21-to-24-at-exponor-porto\/"},"wordCount":152,"commentCount":0,"publisher":{"@id":"https:\/\/hannaik.com\/#organization"},"image":{"@id":"https:\/\/hannaik.com\/en\/visit-us-at-the-17th-edition-of-emaf-from-november-21-to-24-at-exponor-porto\/#primaryimage"},"thumbnailUrl":"https:\/\/hannaik.com\/wp-content\/uploads\/2018\/10\/emaf.jpg","keywords":["emaf","exponor","Fairs","National fairs","Hannaik"],"articleSection":["Market","Fairs"],"inLanguage":"en-US","potentialAction":[{"@type":"CommentAction","name":"Comment","target":["https:\/\/hannaik.com\/en\/visit-us-at-the-17th-edition-of-emaf-from-november-21-to-24-at-exponor-porto\/#respond"]}]},{"@type":"WebPage","@id":"https:\/\/hannaik.com\/en\/visit-us-at-the-17th-edition-of-emaf-from-november-21-to-24-at-exponor-porto\/","url":"https:\/\/hannaik.com\/en\/visit-us-at-the-17th-edition-of-emaf-from-november-21-to-24-at-exponor-porto\/","name":"Visit us at the 17th edition of EMAF, from November 21 to 24, at Exponor, Porto &#8226; Hannaik Gensets","isPartOf":{"@id":"https:\/\/hannaik.com\/#website"},"primaryImageOfPage":{"@id":"https:\/\/hannaik.com\/en\/visit-us-at-the-17th-edition-of-emaf-from-november-21-to-24-at-exponor-porto\/#primaryimage"},"image":{"@id":"https:\/\/hannaik.com\/en\/visit-us-at-the-17th-edition-of-emaf-from-november-21-to-24-at-exponor-porto\/#primaryimage"},"thumbnailUrl":"https:\/\/hannaik.com\/wp-content\/uploads\/2018\/10\/emaf.jpg","datePublished":"2018-10-26T10:01:44+00:00","dateModified":"2018-10-26T10:03:43+00:00","description":"%","breadcrumb":{"@id":"https:\/\/hannaik.com\/en\/visit-us-at-the-17th-edition-of-emaf-from-november-21-to-24-at-exponor-porto\/#breadcrumb"},"inLanguage":"en-US","potentialAction":[{"@type":"ReadAction","target":["https:\/\/hannaik.com\/en\/visit-us-at-the-17th-edition-of-emaf-from-november-21-to-24-at-exponor-porto\/"]}]},{"@type":"ImageObject","inLanguage":"en-US","@id":"https:\/\/hannaik.com\/en\/visit-us-at-the-17th-edition-of-emaf-from-november-21-to-24-at-exponor-porto\/#primaryimage","url":"https:\/\/hannaik.com\/wp-content\/uploads\/2018\/10\/emaf.jpg","contentUrl":"https:\/\/hannaik.com\/wp-content\/uploads\/2018\/10\/emaf.jpg","width":1080,"height":1080,"caption":"EMAF 2018"},{"@type":"BreadcrumbList","@id":"https:\/\/hannaik.com\/en\/visit-us-at-the-17th-edition-of-emaf-from-november-21-to-24-at-exponor-porto\/#breadcrumb","itemListElement":[{"@type":"ListItem","position":1,"name":"Home","item":"https:\/\/hannaik.com\/en\/"},{"@type":"ListItem","position":2,"name":"Visit us at the 17th edition of EMAF, from November 21 to 24, at Exponor, Porto"}]},{"@type":"WebSite","@id":"https:\/\/hannaik.com\/#website","url":"https:\/\/hannaik.com\/","name":"Hannaik Gensets","description":"Projeto, fabrico, instala\u00e7\u00e3o de geradores de energia e GPUs","publisher":{"@id":"https:\/\/hannaik.com\/#organization"},"potentialAction":[{"@type":"SearchAction","target":{"@type":"EntryPoint","urlTemplate":"https:\/\/hannaik.com\/?s={search_term_string}"},"query-input":{"@type":"PropertyValueSpecification","valueRequired":true,"valueName":"search_term_string"}}],"inLanguage":"en-US"},{"@type":"Organization","@id":"https:\/\/hannaik.com\/#organization","name":"HANNAIK","url":"https:\/\/hannaik.com\/","logo":{"@type":"ImageObject","inLanguage":"en-US","@id":"https:\/\/hannaik.com\/#\/schema\/logo\/image\/","url":"https:\/\/hannaik.com\/wp-content\/uploads\/2018\/03\/Hannaik3.png","contentUrl":"https:\/\/hannaik.com\/wp-content\/uploads\/2018\/03\/Hannaik3.png","width":"278","height":"223","caption":"HANNAIK"},"image":{"@id":"https:\/\/hannaik.com\/#\/schema\/logo\/image\/"},"sameAs":["https:\/\/www.facebook.com\/hannaikenergy\/","https:\/\/www.instagram.com\/hannaik_solutions\/","https:\/\/www.linkedin.com\/company-beta\/15194419","https:\/\/www.youtube.com\/channel\/UCQt234x994onwwmTd-K6U-A"]},{"@type":"Person","@id":"https:\/\/hannaik.com\/#\/schema\/person\/5776d6b281228a8b7552dd23d65ea1fb","name":"Suporte","image":{"@type":"ImageObject","inLanguage":"en-US","@id":"https:\/\/hannaik.com\/#\/schema\/person\/image\/","url":"https:\/\/secure.gravatar.com\/avatar\/0ff4e49715d508995dbaae764a41717e0c13291d5bd332ad16cdacaa07295336?s=96&d=mm&r=g","contentUrl":"https:\/\/secure.gravatar.com\/avatar\/0ff4e49715d508995dbaae764a41717e0c13291d5bd332ad16cdacaa07295336?s=96&d=mm&r=g","caption":"Suporte"},"sameAs":["https:\/\/wwww.hannaik.com\/","https:\/\/www.facebook.com\/hannaikenergy","https:\/\/www.instagram.com\/hannaik_solutions\/","https:\/\/www.linkedin.com\/company\/15194419\/admin\/","https:\/\/www.youtube.com\/channel\/UC5wGYySPKL-sM2l1EUuzqdw"]}]}},"_links":{"self":[{"href":"https:\/\/hannaik.com\/en\/wp-json\/wp\/v2\/posts\/9970","targetHints":{"allow":["GET"]}}],"collection":[{"href":"https:\/\/hannaik.com\/en\/wp-json\/wp\/v2\/posts"}],"about":[{"href":"https:\/\/hannaik.com\/en\/wp-json\/wp\/v2\/types\/post"}],"author":[{"embeddable":true,"href":"https:\/\/hannaik.com\/en\/wp-json\/wp\/v2\/users\/2"}],"replies":[{"embeddable":true,"href":"https:\/\/hannaik.com\/en\/wp-json\/wp\/v2\/comments?post=9970"}],"version-history":[{"count":2,"href":"https:\/\/hannaik.com\/en\/wp-json\/wp\/v2\/posts\/9970\/revisions"}],"predecessor-version":[{"id":9976,"href":"https:\/\/hannaik.com\/en\/wp-json\/wp\/v2\/posts\/9970\/revisions\/9976"}],"wp:featuredmedia":[{"embeddable":true,"href":"https:\/\/hannaik.com\/en\/wp-json\/wp\/v2\/media\/9971"}],"wp:attachment":[{"href":"https:\/\/hannaik.com\/en\/wp-json\/wp\/v2\/media?parent=9970"}],"wp:term":[{"taxonomy":"category","embeddable":true,"href":"https:\/\/hannaik.com\/en\/wp-json\/wp\/v2\/categories?post=9970"},{"taxonomy":"post_tag","embeddable":true,"href":"https:\/\/hannaik.com\/en\/wp-json\/wp\/v2\/tags?post=9970"}],"curies":[{"name":"wp","href":"https:\/\/api.w.org\/{rel}","templated":true}]}}